{"id":133,"date":"2025-04-16T12:55:26","date_gmt":"2025-04-16T12:55:26","guid":{"rendered":"https:\/\/portugalfocus.com\/?p=133"},"modified":"2025-04-16T12:55:26","modified_gmt":"2025-04-16T12:55:26","slug":"a-serie-de-anime-the-devil-may-cry-foi-renovada-para-uma-segunda-temporada","status":"publish","type":"post","link":"https:\/\/portugalfocus.com\/?p=133","title":{"rendered":"A s\u00e9rie de anime \u201cThe Devil May Cry\u201d foi renovada para uma segunda temporada"},"content":{"rendered":"<p>O ca\u00e7ador de dem\u00f3nios Dante, da nova s\u00e9rie de anime \u201cThe Devil May Cry\u201d, tem muito trabalho pela frente para uma segunda temporada. A Netflix anunciou que a adapta\u00e7\u00e3o da popular s\u00e9rie de jogos de v\u00eddeo slasher foi renovada para uma segunda temporada, apenas uma semana ap\u00f3s a estreia da s\u00e9rie no servi\u00e7o de streaming, a 3 de abril de 2025.<\/p>\n<p>\u201cThe Devil May Cry\u201d, produzida pelo Studio Mir, teve um in\u00edcio s\u00f3lido na Netflix. A s\u00e9rie animada, cujo protagonista, o ca\u00e7ador de dem\u00f3nios \u00f3rf\u00e3o Dante, \u00e9 o \u00fanico que pode conter as for\u00e7as sinistras que tentam abrir um portal entre o seu mundo e o mundo dos humanos, foi vista por 5,3 milh\u00f5es de espectadores nos primeiros quatro dias desde a sua estreia. Isto colocou a s\u00e9rie em quarto lugar nas classifica\u00e7\u00f5es semanais da Netflix.<!--nextpage--><\/p>\n<p>No momento em que este artigo foi escrito, a classifica\u00e7\u00e3o de \u201cfrescura\u201d da s\u00e9rie no Rotten Tomatoes era de 95 por cento, segundo os cr\u00edticos, e, de acordo com a Netflix, a anime entrou no Top 10 do streaming em 87 pa\u00edses na semana passada.<\/p>\n<p>O primeiro videojogo da s\u00e9rie, \u201cDevil May Cry\u201d, foi lan\u00e7ado pela Capcom em 2001 e, desde ent\u00e3o, houve cinco jogos principais, um reboot de \u201cDmC: Devil May Cry\u201d e um jogo para telem\u00f3vel. A s\u00e9rie anime esteve em desenvolvimento durante e ap\u00f3s a pandemia de COVID-19. No seriado do showrunner Adi Shankar, Dante fala com a voz de Johnny Yong Bosch, que d\u00e1 voz ao personagem Nero nos videojogos.<\/p>\n","protected":false},"excerpt":{"rendered":"<p>O ca\u00e7ador de dem\u00f3nios Dante, da nova s\u00e9rie de anime \u201cThe Devil May Cry\u201d, tem muito trabalho pela frente para uma segunda temporada. A Netflix anunciou que a adapta\u00e7\u00e3o da&hellip;<\/p>\n","protected":false},"author":2,"featured_media":69,"comment_status":"open","ping_status":"open","sticky":false,"template":"","format":"standard","meta":{"footnotes":""},"categories":[30],"tags":[],"class_list":["post-133","post","type-post","status-publish","format-standard","has-post-thumbnail","hentry","category-cinema"],"_links":{"self":[{"href":"https:\/\/portugalfocus.com\/index.php?rest_route=\/wp\/v2\/posts\/133","targetHints":{"allow":["GET"]}}],"collection":[{"href":"https:\/\/portugalfocus.com\/index.php?rest_route=\/wp\/v2\/posts"}],"about":[{"href":"https:\/\/portugalfocus.com\/index.php?rest_route=\/wp\/v2\/types\/post"}],"author":[{"embeddable":true,"href":"https:\/\/portugalfocus.com\/index.php?rest_route=\/wp\/v2\/users\/2"}],"replies":[{"embeddable":true,"href":"https:\/\/portugalfocus.com\/index.php?rest_route=%2Fwp%2Fv2%2Fcomments&post=133"}],"version-history":[{"count":1,"href":"https:\/\/portugalfocus.com\/index.php?rest_route=\/wp\/v2\/posts\/133\/revisions"}],"predecessor-version":[{"id":134,"href":"https:\/\/portugalfocus.com\/index.php?rest_route=\/wp\/v2\/posts\/133\/revisions\/134"}],"wp:featuredmedia":[{"embeddable":true,"href":"https:\/\/portugalfocus.com\/index.php?rest_route=\/wp\/v2\/media\/69"}],"wp:attachment":[{"href":"https:\/\/portugalfocus.com\/index.php?rest_route=%2Fwp%2Fv2%2Fmedia&parent=133"}],"wp:term":[{"taxonomy":"category","embeddable":true,"href":"https:\/\/portugalfocus.com\/index.php?rest_route=%2Fwp%2Fv2%2Fcategories&post=133"},{"taxonomy":"post_tag","embeddable":true,"href":"https:\/\/portugalfocus.com\/index.php?rest_route=%2Fwp%2Fv2%2Ftags&post=133"}],"curies":[{"name":"wp","href":"https:\/\/api.w.org\/{rel}","templated":true}]}}